{"id":4100,"date":"2025-08-21T22:26:31","date_gmt":"2025-08-21T22:26:31","guid":{"rendered":"https:\/\/cjseguros.pt\/?p=4100"},"modified":"2026-04-24T11:03:25","modified_gmt":"2026-04-24T11:03:25","slug":"lassurance-obligatoire-pour-les-scooters-et-velos-electriques-ce-qui-a-change-en-2025","status":"publish","type":"post","link":"https:\/\/cjseguros.pt\/fr\/seguro-obrigatorio-para-trotinetes-ebicicletas-eletricas-descobre-o-quemudou-em-2025\/","title":{"rendered":"Assurance obligatoire pour les scooters et les v\u00e9los \u00e9lectriques ? D\u00e9couvrez ce qui changera en 2026"},"content":{"rendered":"<p>Les scooters et les v\u00e9los \u00e9lectriques font d\u00e9j\u00e0 partie de la routine de milliers de Portugais.<br>\u00c0 partir du 20 juin 2025, leur utilisation b\u00e9n\u00e9ficie d'une nouvelle r\u00e8gle : avec l'entr\u00e9e en vigueur du d\u00e9cret-loi 26\/2025, le r\u00e9gime d'assurance automobile a \u00e9t\u00e9 \u00e9tendu \u00e0 certains v\u00e9hicules de micromobilit\u00e9.<\/p>\n\n\n\n<p><strong>La grande question est la suivante :<\/strong> votre scooter ou votre v\u00e9lo a-t-il besoin d'une assurance ?<\/p>\n\n\n\n<p>La r\u00e9ponse est simple : l'assurance n'est obligatoire que si votre v\u00e9hicule de micromobilit\u00e9 d\u00e9passe certaines limites techniques d\u00e9finies par la loi, notamment en termes de vitesse et de poids.<\/p>\n\n\n\n<p>Cela signifie que l'obligation d'assurance s'applique aux \u00e9quipements qui :<\/p>\n\n\n\n<ul class=\"wp-block-list\">\n<li>D\u00e9passer 25 kilom\u00e8tres par heure ;<\/li>\n\n\n\n<li>Ou peser plus de 25 kg et pouvoir marcher \u00e0 plus de 14 km\/h.<\/li>\n<\/ul>\n\n\n\n<h3 class=\"wp-block-heading\">La confusion et les amendes que vous pouvez \u00e9viter<\/h3>\n\n\n\n<p>Bien que la loi soit claire, sa diffusion a suscit\u00e9 une certaine confusion.<br>A <strong>ANSR (Autorit\u00e9 nationale de s\u00e9curit\u00e9 routi\u00e8re)<\/strong> a pr\u00e9cis\u00e9 que la plupart des scooters et des v\u00e9los \u00e9lectriques que l'on voit dans les villes sont toujours exempt\u00e9s.<\/p>\n\n\n\n<p>Toutefois, le <strong>ASF (Autorit\u00e9 de surveillance des assurances et des fonds de pension)<\/strong> a soulign\u00e9 que de nombreux appareils plus puissants - en particulier ceux achet\u00e9s en ligne - pourraient \u00eatre soumis \u00e0 cette nouvelle obligation.<\/p>\n\n\n\n<p>Si votre v\u00e9hicule pr\u00e9sente ces caract\u00e9ristiques et que vous conduisez sans assurance, vous prenez un risque :<\/p>\n\n\n\n<ul class=\"wp-block-list\">\n<li>Amendes pouvant aller jusqu'\u00e0 3 500 euros ;<\/li>\n\n\n\n<li>La saisie du v\u00e9hicule ;<\/li>\n\n\n\n<li>L'obligation de payer de votre poche les dommages que vous pourriez causer en cas d'accident.<\/li>\n<\/ul>\n\n\n\n<h3 class=\"wp-block-heading\">Comment en \u00eatre s\u00fbr ?<\/h3>\n\n\n\n<p>Le moyen le plus simple de savoir si votre v\u00e9hicule a besoin d'une assurance est de consulter le manuel ou la fiche technique, en v\u00e9rifiant le poids et la vitesse maximale.<\/p>\n\n\n\n<p>Si vous avez encore des doutes, il est pr\u00e9f\u00e9rable d'en parler \u00e0 un professionnel.<br>En <strong>CJ Seguros<\/strong>Nous l'analyserons avec vous et vous dirons, de mani\u00e8re simple, si votre v\u00e9hicule a besoin d'une assurance ou non.<\/p>\n\n\n\n<h3 class=\"wp-block-heading\">Des d\u00e9placements plus s\u00fbrs et plus silencieux<\/h3>\n\n\n\n<p>M\u00eame si vous d\u00e9couvrez que vous n'\u00eates pas oblig\u00e9 de le faire, cela vaut la peine de r\u00e9fl\u00e9chir aux risques.<br>Imaginez un accident : une personne bless\u00e9e, une voiture ray\u00e9e... L'assurance responsabilit\u00e9 civile peut vous co\u00fbter tr\u00e8s peu et vous \u00e9pargner beaucoup de d\u00e9g\u00e2ts.<\/p>\n\n\n\n<p>La nouvelle loi a apport\u00e9 une nouveaut\u00e9, mais aussi une opportunit\u00e9 : un itin\u00e9raire circulaire plus prot\u00e9g\u00e9 et plus paisible.<\/p>\n\n\n\n<p>En <strong>CJ Seguros<\/strong>Nous sommes pr\u00eats \u00e0 vous aider \u00e0 trouver la couverture la plus appropri\u00e9e pour votre scooter ou votre v\u00e9lo \u00e9lectrique, afin que vous puissiez toujours voyager en toute s\u00e9curit\u00e9 et dans le respect de la loi.<\/p>","protected":false},"excerpt":{"rendered":"<p>As trotinetes e bicicletas el\u00e9tricas j\u00e1 fazem parte da rotina de milhares de portugueses.A partir de 20 de junho de 2025, a sua utiliza\u00e7\u00e3o ganhou uma nova regra: com a entrada em vigor do Decreto-Lei n.\u00ba 26\/2025, o regime do seguro autom\u00f3vel foi alargado a alguns ve\u00edculos de micromobilidade. A grande quest\u00e3o \u00e9: ser\u00e1 que [&hellip;]<\/p>\n","protected":false},"author":1,"featured_media":4101,"comment_status":"open","ping_status":"open","sticky":false,"template":"","format":"standard","meta":{"inline_featured_image":false,"footnotes":""},"categories":[1],"tags":[],"class_list":["post-4100","post","type-post","status-publish","format-standard","has-post-thumbnail","hentry","category-uncategorized"],"_links":{"self":[{"href":"https:\/\/cjseguros.pt\/fr\/wp-json\/wp\/v2\/posts\/4100","targetHints":{"allow":["GET"]}}],"collection":[{"href":"https:\/\/cjseguros.pt\/fr\/wp-json\/wp\/v2\/posts"}],"about":[{"href":"https:\/\/cjseguros.pt\/fr\/wp-json\/wp\/v2\/types\/post"}],"author":[{"embeddable":true,"href":"https:\/\/cjseguros.pt\/fr\/wp-json\/wp\/v2\/users\/1"}],"replies":[{"embeddable":true,"href":"https:\/\/cjseguros.pt\/fr\/wp-json\/wp\/v2\/comments?post=4100"}],"version-history":[{"count":4,"href":"https:\/\/cjseguros.pt\/fr\/wp-json\/wp\/v2\/posts\/4100\/revisions"}],"predecessor-version":[{"id":4568,"href":"https:\/\/cjseguros.pt\/fr\/wp-json\/wp\/v2\/posts\/4100\/revisions\/4568"}],"wp:featuredmedia":[{"embeddable":true,"href":"https:\/\/cjseguros.pt\/fr\/wp-json\/wp\/v2\/media\/4101"}],"wp:attachment":[{"href":"https:\/\/cjseguros.pt\/fr\/wp-json\/wp\/v2\/media?parent=4100"}],"wp:term":[{"taxonomy":"category","embeddable":true,"href":"https:\/\/cjseguros.pt\/fr\/wp-json\/wp\/v2\/categories?post=4100"},{"taxonomy":"post_tag","embeddable":true,"href":"https:\/\/cjseguros.pt\/fr\/wp-json\/wp\/v2\/tags?post=4100"}],"curies":[{"name":"wp","href":"https:\/\/api.w.org\/{rel}","templated":true}]}}